{"id":1725,"date":"2025-04-22T20:03:12","date_gmt":"2025-04-22T20:03:12","guid":{"rendered":"https:\/\/www.cafesillesbalears.com\/compostaje-seguir-el-ciclo-para-cultivar-con-proposito\/"},"modified":"2025-05-09T15:14:10","modified_gmt":"2025-05-09T15:14:10","slug":"kompostierung-den-kreislauf-folgen","status":"publish","type":"post","link":"https:\/\/www.cafesillesbalears.com\/de\/kompostierung-den-kreislauf-folgen\/","title":{"rendered":"Kompostierung: Den Kreislauf folgen, um mit Ziel zu kultivieren."},"content":{"rendered":"<p>[et_pb_section fb_built=&#8220;1&#8243; admin_label=&#8220;Header&#8220; _builder_version=&#8220;4.27.4&#8243; _module_preset=&#8220;default&#8220; background_color=&#8220;rgba(0,0,0,0.26)&#8220; background_image=&#8220;https:\/\/www.cafesillesbalears.com\/wp-content\/uploads\/compostaje.jpg&#8220; background_blend=&#8220;overlay&#8220; custom_margin=&#8220;0px||0px||false|false&#8220; custom_padding=&#8220;4vw||4vw||true|false&#8220; locked=&#8220;off&#8220; collapsed=&#8220;on&#8220; global_colors_info=&#8220;{}&#8220; theme_builder_area=&#8220;post_content&#8220;][et_pb_row _builder_version=&#8220;4.21.0&#8243; _module_preset=&#8220;default&#8220; max_width=&#8220;600px&#8220; custom_padding=&#8220;45px||45px||true|&#8220; global_colors_info=&#8220;{}&#8220; theme_builder_area=&#8220;post_content&#8220;][et_pb_column type=&#8220;4_4&#8243; _builder_version=&#8220;4.21.0&#8243; _module_preset=&#8220;default&#8220; global_colors_info=&#8220;{}&#8220; theme_builder_area=&#8220;post_content&#8220;][et_pb_post_title meta=&#8220;off&#8220; featured_image=&#8220;off&#8220; _builder_version=&#8220;4.27.4&#8243; _module_preset=&#8220;default&#8220; title_font=&#8220;|||on|||||&#8220; title_text_align=&#8220;center&#8220; title_text_color=&#8220;#FFFFFF&#8220; title_font_size=&#8220;33px&#8220; custom_margin=&#8220;||11px|||&#8220; global_colors_info=&#8220;{}&#8220; theme_builder_area=&#8220;post_content&#8220;][\/et_pb_post_title][et_pb_text _builder_version=&#8220;4.27.4&#8243; _module_preset=&#8220;d61d1e09-0291-4701-b31d-543d6d25d6f1&#8243; text_text_color=&#8220;#FFFFFF&#8220; header_2_text_color=&#8220;#dddddd&#8220; header_2_font_size=&#8220;27px&#8220; text_orientation=&#8220;center&#8220; custom_margin=&#8220;-9px|||||&#8220; locked=&#8220;off&#8220; global_colors_info=&#8220;{}&#8220; theme_builder_area=&#8220;post_content&#8220;]<\/p>\n<h2>Caf\u00e9s Illes Balears<\/h2>\n<p>[\/et_pb_text][\/et_pb_column][\/et_pb_row][\/et_pb_section][et_pb_section fb_built=&#8220;1&#8243; _builder_version=&#8220;4.27.4&#8243; _module_preset=&#8220;default&#8220; custom_padding=&#8220;7px||0px|||&#8220; global_colors_info=&#8220;{}&#8220; theme_builder_area=&#8220;post_content&#8220;][et_pb_row _builder_version=&#8220;4.27.4&#8243; _module_preset=&#8220;default&#8220; width=&#8220;90%&#8220; custom_padding=&#8220;20px||8px|||&#8220; global_colors_info=&#8220;{}&#8220; theme_builder_area=&#8220;post_content&#8220;][et_pb_column type=&#8220;4_4&#8243; _builder_version=&#8220;4.27.4&#8243; _module_preset=&#8220;default&#8220; global_colors_info=&#8220;{}&#8220; theme_builder_area=&#8220;post_content&#8220;][et_pb_text _builder_version=&#8220;4.27.4&#8243; _module_preset=&#8220;default&#8220; text_font_size=&#8220;18px&#8220; custom_margin=&#8220;||25px|||&#8220; global_colors_info=&#8220;{}&#8220; theme_builder_area=&#8220;post_content&#8220;]<\/p>\n<p style=\"text-align: center\">BEI<strong> CAF\u00c8S ILLES BALEARS<\/strong> IST JEDER SCHRITT, DEN WIR UNTERNEHMEN, DARAUF AUSGERICHTET, DIE UMWELT, DIE UNS UMGIBT, ZU RESPEKTIEREN UND ZU BEREICHERN. KOMPOSTIERUNG IST EINE UNSERER METHODEN, UM DEN UMWELTBEANTRAG ZU REDUZIEREN UND DIE QUALIT\u00c4T UNSERER \u00d6KOLOGISCHEN ANBAUEN ZU VERBESSERN. <\/p>\n<p>[\/et_pb_text][et_pb_image src=&#8220;https:\/\/www.cafesillesbalears.com\/wp-content\/uploads\/compostaje.jpg&#8220; alt=&#8220;KOMPOST AUS DER FINCA CAF\u00c8S ILLES BALEARS&#8220; title_text=&#8220;KOMPOST AUS DER FINCA CAF\u00c8S ILLES BALEARS&#8220; align=&#8220;center&#8220; _builder_version=&#8220;4.27.4&#8243; _module_preset=&#8220;default&#8220; custom_margin=&#8220;13px||4px|||&#8220; global_colors_info=&#8220;{}&#8220; theme_builder_area=&#8220;post_content&#8220;][\/et_pb_image][et_pb_text _builder_version=&#8220;4.27.4&#8243; _module_preset=&#8220;default&#8220; text_font_size=&#8220;15px&#8220; text_line_height=&#8220;1.3em&#8220; text_orientation=&#8220;center&#8220; global_colors_info=&#8220;{}&#8220; theme_builder_area=&#8220;post_content&#8220;]<\/p>\n<p><em>Kompost aus Finca de Caf\u00e8s Illes Balears<\/em><\/p>\n<p>[\/et_pb_text][et_pb_text _builder_version=&#8220;4.27.4&#8243; _module_preset=&#8220;default&#8220; text_orientation=&#8220;justified&#8220; custom_margin=&#8220;20px||25px|||&#8220; text_orientation_tablet=&#8220;justified&#8220; text_orientation_phone=&#8220;justified&#8220; text_orientation_last_edited=&#8220;on|phone&#8220; global_colors_info=&#8220;{}&#8220; theme_builder_area=&#8220;post_content&#8220;]<\/p>\n<h3>Was ist Kompostierung und warum machen wir es?<\/h3>\n<p>Kompostierung ist ein nat\u00fcrlicher Prozess der Zersetzung von organischem Material \u2013 wie pflanzlichen Abf\u00e4llen, Schalen und anderen biologisch abbaubaren Abf\u00e4llen (unsere Illes Coffee Lab-Becher) \u2013, der sich in einen n\u00e4hrstoffreichen D\u00fcnger verwandelt. Dieses organische Material zersetzt sich aktiv, wobei Mikroorganismen (Bakterien und Pilze) die Abf\u00e4lle in Anwesenheit von Sauerstoff abbauen. W\u00e4hrend dieses Prozesses erzeugt die biologische Aktivit\u00e4t eine gro\u00dfe Menge W\u00e4rme, die Temperaturen zwischen 45\u00b0C und 65\u00b0C erreicht. Deshalb werfen wir bei Caf\u00e8s Illes Balears diese Materialien nicht weg, sondern wir sammeln sie und geben ihnen ein zweites Leben: Wir verwandeln sie in D\u00fcnger f\u00fcr unsere eigenen Anbaufl\u00e4chen.   <\/p>\n<p>&nbsp;<\/p>\n<h3>Vorteile der Kompostierung in unserem Produktionssystem<\/h3>\n<p>[\/et_pb_text][et_pb_blurb title=&#8220;Fruchtbarere Erde:&#8220; use_icon=&#8220;on&#8220; font_icon=&#8220;&#x4e;||divi||400&#8243; icon_placement=&#8220;left&#8220; content_max_width=&#8220;100%&#8220; image_icon_width_last_edited=&#8220;off|desktop&#8220; _builder_version=&#8220;4.27.4&#8243; _module_preset=&#8220;default&#8220; header_font_size=&#8220;19px&#8220; custom_margin=&#8220;||20px||false|false&#8220; global_colors_info=&#8220;{}&#8220; theme_builder_area=&#8220;post_content&#8220;]<\/p>\n<p>Kompost verbessert die Bodenstruktur und erh\u00f6ht seine F\u00e4higkeit, Wasser und N\u00e4hrstoffe zu speichern.<\/p>\n<p>[\/et_pb_blurb][et_pb_blurb title=&#8220;Weniger Abfall:&#8220; use_icon=&#8220;on&#8220; font_icon=&#8220;&#x4e;||divi||400&#8243; icon_placement=&#8220;left&#8220; content_max_width=&#8220;100%&#8220; image_icon_width_last_edited=&#8220;off|desktop&#8220; _builder_version=&#8220;4.27.4&#8243; _module_preset=&#8220;default&#8220; header_font_size=&#8220;19px&#8220; custom_margin=&#8220;||20px||false|false&#8220; global_colors_info=&#8220;{}&#8220; theme_builder_area=&#8220;post_content&#8220;]<\/p>\n<p>Wir reduzieren die Menge an Abfall, den wir erzeugen, und tragen aktiv zur Kreislaufwirtschaft bei.<\/p>\n<p>[\/et_pb_blurb][et_pb_blurb title=&#8220;Kreisprozess:&#8220; use_icon=&#8220;on&#8220; font_icon=&#8220;&#x4e;||divi||400&#8243; icon_placement=&#8220;left&#8220; content_max_width=&#8220;100%&#8220; image_icon_width_last_edited=&#8220;off|desktop&#8220; _builder_version=&#8220;4.27.4&#8243; _module_preset=&#8220;default&#8220; header_font_size=&#8220;19px&#8220; custom_margin=&#8220;||20px||false|false&#8220; global_colors_info=&#8220;{}&#8220; theme_builder_area=&#8220;post_content&#8220;]<\/p>\n<p>Wir nutzen unsere eigenen Abf\u00e4lle, um neue Pflanzen zu n\u00e4hren, und machen so jede Produktionsphase nachhaltiger.<\/p>\n<p>[\/et_pb_blurb][et_pb_blurb title=&#8220;Geringere Kohlenstoffbilanz:&#8220; use_icon=&#8220;on&#8220; font_icon=&#8220;&#x4e;||divi||400&#8243; icon_placement=&#8220;left&#8220; content_max_width=&#8220;100%&#8220; image_icon_width_last_edited=&#8220;off|desktop&#8220; _builder_version=&#8220;4.27.4&#8243; _module_preset=&#8220;default&#8220; header_font_size=&#8220;19px&#8220; custom_margin=&#8220;||20px||false|false&#8220; global_colors_info=&#8220;{}&#8220; theme_builder_area=&#8220;post_content&#8220;]<\/p>\n<p>Wir bem\u00fchen uns, die damit verbundenen Emissionen mit unseren \u00f6kologischen Methoden zu reduzieren.<\/p>\n<p>[\/et_pb_blurb][et_pb_code _builder_version=&#8220;4.27.4&#8243; _module_preset=&#8220;default&#8220; theme_builder_area=&#8220;post_content&#8220; hover_enabled=&#8220;0&#8243; sticky_enabled=&#8220;0&#8243;][\/et_pb_code][et_pb_text _builder_version=&#8220;4.27.4&#8243; _module_preset=&#8220;default&#8220; header_4_text_color=&#8220;#F74334&#8243; header_4_font_size=&#8220;20px&#8220; text_orientation=&#8220;center&#8220; custom_padding=&#8220;31px|||||&#8220; global_colors_info=&#8220;{}&#8220; theme_builder_area=&#8220;post_content&#8220;]<\/p>\n<h4>LASST UNS EINE GEMEINSCHAFT BILDEN!<\/h4>\n<p>DIESER BLOG IST F\u00dcR DICH. WIR M\u00d6CHTEN DEINE FRAGEN, DEINE ERFAHRUNGEN UND DAS, WAS DICH AM KAFFEE AM MEISTEN BEGEISTERT, KENNENLERNEN. <br \/>WIR LADEN DICH EIN, UNS IN DEN SOZIALEN MEDIEN ZU FOLGEN, ZU KOMMENTIEREN UND DIESE LEIDENSCHAFT F\u00dcR KAFFEE MIT UNS ZU TEILEN!<\/p>\n<p>[\/et_pb_text][\/et_pb_column][\/et_pb_row][\/et_pb_section]<\/p>\n","protected":false},"excerpt":{"rendered":"<p>Bei Caf\u00e8s Illes Balears ist jede Handlung, die wir durchf\u00fchren, darauf ausgerichtet, die Umwelt, die uns umgibt, zu respektieren und zu bereichern.<\/p>\n","protected":false},"author":1,"featured_media":1668,"comment_status":"closed","ping_status":"open","sticky":false,"template":"","format":"standard","meta":{"_et_pb_use_builder":"on","_et_pb_old_content":"","_et_gb_content_width":"","_joinchat":[],"footnotes":""},"categories":[147,144],"tags":[130,134,138,132],"class_list":["post-1725","post","type-post","status-publish","format-standard","has-post-thumbnail","hentry","category-nachhaltigkeit","category-verantwortungsvolle-produktion","tag-illes-coffee-lab-de","tag-kompostierung","tag-kreislaufwirtschaft","tag-nachhaltiger-kaffee"],"aioseo_notices":[],"_links":{"self":[{"href":"https:\/\/www.cafesillesbalears.com\/de\/wp-json\/wp\/v2\/posts\/1725","targetHints":{"allow":["GET"]}}],"collection":[{"href":"https:\/\/www.cafesillesbalears.com\/de\/wp-json\/wp\/v2\/posts"}],"about":[{"href":"https:\/\/www.cafesillesbalears.com\/de\/wp-json\/wp\/v2\/types\/post"}],"author":[{"embeddable":true,"href":"https:\/\/www.cafesillesbalears.com\/de\/wp-json\/wp\/v2\/users\/1"}],"replies":[{"embeddable":true,"href":"https:\/\/www.cafesillesbalears.com\/de\/wp-json\/wp\/v2\/comments?post=1725"}],"version-history":[{"count":0,"href":"https:\/\/www.cafesillesbalears.com\/de\/wp-json\/wp\/v2\/posts\/1725\/revisions"}],"wp:featuredmedia":[{"embeddable":true,"href":"https:\/\/www.cafesillesbalears.com\/de\/wp-json\/wp\/v2\/media\/1668"}],"wp:attachment":[{"href":"https:\/\/www.cafesillesbalears.com\/de\/wp-json\/wp\/v2\/media?parent=1725"}],"wp:term":[{"taxonomy":"category","embeddable":true,"href":"https:\/\/www.cafesillesbalears.com\/de\/wp-json\/wp\/v2\/categories?post=1725"},{"taxonomy":"post_tag","embeddable":true,"href":"https:\/\/www.cafesillesbalears.com\/de\/wp-json\/wp\/v2\/tags?post=1725"}],"curies":[{"name":"wp","href":"https:\/\/api.w.org\/{rel}","templated":true}]}}