{"id":1814,"date":"2025-05-09T17:40:59","date_gmt":"2025-05-09T17:40:59","guid":{"rendered":"https:\/\/www.cafesillesbalears.com\/?p=1814"},"modified":"2025-05-09T18:04:57","modified_gmt":"2025-05-09T18:04:57","slug":"so-schaffen-wir-biodiversitaet","status":"publish","type":"post","link":"https:\/\/www.cafesillesbalears.com\/de\/so-schaffen-wir-biodiversitaet\/","title":{"rendered":"So schaffen wir Biodiversit\u00e4t"},"content":{"rendered":"<p>[et_pb_section fb_built=&#8220;1&#8243; admin_label=&#8220;Header&#8220; _builder_version=&#8220;4.27.4&#8243; _module_preset=&#8220;default&#8220; background_color=&#8220;rgba(0,0,0,0.26)&#8220; background_image=&#8220;https:\/\/www.cafesillesbalears.com\/wp-content\/uploads\/cafe-verde-plantacion-cafes-illes-balears.jpg&#8220; background_blend=&#8220;overlay&#8220; custom_margin=&#8220;0px||0px||false|false&#8220; custom_padding=&#8220;4vw||4vw||true|false&#8220; locked=&#8220;off&#8220; collapsed=&#8220;on&#8220; global_colors_info=&#8220;{}&#8220; theme_builder_area=&#8220;post_content&#8220;][et_pb_row _builder_version=&#8220;4.21.0&#8243; _module_preset=&#8220;default&#8220; max_width=&#8220;600px&#8220; custom_padding=&#8220;45px||45px||true|&#8220; global_colors_info=&#8220;{}&#8220; theme_builder_area=&#8220;post_content&#8220;][et_pb_column type=&#8220;4_4&#8243; _builder_version=&#8220;4.21.0&#8243; _module_preset=&#8220;default&#8220; global_colors_info=&#8220;{}&#8220; theme_builder_area=&#8220;post_content&#8220;][et_pb_post_title meta=&#8220;off&#8220; featured_image=&#8220;off&#8220; _builder_version=&#8220;4.27.4&#8243; _module_preset=&#8220;default&#8220; title_font=&#8220;|||on|||||&#8220; title_text_align=&#8220;center&#8220; title_text_color=&#8220;#FFFFFF&#8220; title_font_size=&#8220;33px&#8220; custom_margin=&#8220;||11px|||&#8220; global_colors_info=&#8220;{}&#8220; theme_builder_area=&#8220;post_content&#8220;][\/et_pb_post_title][et_pb_text _builder_version=&#8220;4.27.4&#8243; _module_preset=&#8220;d61d1e09-0291-4701-b31d-543d6d25d6f1&#8243; text_text_color=&#8220;#FFFFFF&#8220; header_2_text_color=&#8220;#dddddd&#8220; header_2_font_size=&#8220;27px&#8220; text_orientation=&#8220;center&#8220; custom_margin=&#8220;-9px|||||&#8220; locked=&#8220;off&#8220; global_colors_info=&#8220;{}&#8220; theme_builder_area=&#8220;post_content&#8220;]<\/p>\n<h2>Caf\u00e9s Illes Balears<\/h2>\n<p>[\/et_pb_text][\/et_pb_column][\/et_pb_row][\/et_pb_section][et_pb_section fb_built=&#8220;1&#8243; _builder_version=&#8220;4.27.4&#8243; _module_preset=&#8220;default&#8220; custom_padding=&#8220;7px||0px|||&#8220; global_colors_info=&#8220;{}&#8220; theme_builder_area=&#8220;post_content&#8220;][et_pb_row _builder_version=&#8220;4.27.4&#8243; _module_preset=&#8220;default&#8220; width=&#8220;90%&#8220; custom_padding=&#8220;20px||8px|||&#8220; global_colors_info=&#8220;{}&#8220; theme_builder_area=&#8220;post_content&#8220;][et_pb_column type=&#8220;4_4&#8243; _builder_version=&#8220;4.27.4&#8243; _module_preset=&#8220;default&#8220; global_colors_info=&#8220;{}&#8220; theme_builder_area=&#8220;post_content&#8220;][et_pb_text _builder_version=&#8220;4.27.4&#8243; _module_preset=&#8220;default&#8220; text_font_size=&#8220;18px&#8220; custom_margin=&#8220;||25px|||&#8220; global_colors_info=&#8220;{}&#8220; theme_builder_area=&#8220;post_content&#8220;]<\/p>\n<p style=\"text-align: center;\">Seit Beginn unseres <strong>Projekts rund um die Kaffeefinca<\/strong> sind wir uns der Bedeutung bewusst, <strong>die der Schutz der nat\u00fcrlichen Umgebung in unseren Entscheidungen spielt<\/strong>. Aus diesem Grund verfolgen <strong>wir eine Philosophie, die darauf abzielt, ideale Lebensr\u00e4ume zu schaffen<\/strong>, in denen viele Arten einen Platz zum Leben finden \u2013 und <strong>uns dabei helfen, die Umwelt auf nachhaltige Weise zu verbessern<\/strong>. <\/p>\n<p>[\/et_pb_text][et_pb_video src=&#8220;https:\/\/www.cafesillesbalears.com\/wp-content\/uploads\/biodiversidad-cafes-illes-balears.mp4&#8243; src_webm=&#8220;https:\/\/www.cafesillesbalears.com\/wp-content\/uploads\/biodiversidad-cafes-illes-balears.webm&#8220; _builder_version=&#8220;4.27.4&#8243; _module_preset=&#8220;default&#8220; width=&#8220;50%&#8220; width_tablet=&#8220;50%&#8220; width_phone=&#8220;90%&#8220; width_last_edited=&#8220;on|phone&#8220; module_alignment=&#8220;center&#8220; global_colors_info=&#8220;{}&#8220; theme_builder_area=&#8220;post_content&#8220;][\/et_pb_video][et_pb_text _builder_version=&#8220;4.27.4&#8243; _module_preset=&#8220;default&#8220; theme_builder_area=&#8220;post_content&#8220; hover_enabled=&#8220;0&#8243; sticky_enabled=&#8220;0&#8243;]<\/p>\n<p style=\"text-align: center;\"><em>Video: Amselnest auf einer unserer Kaffeepflanzen<\/em><\/p>\n<p>[\/et_pb_text][et_pb_text _builder_version=&#8220;4.27.4&#8243; _module_preset=&#8220;default&#8220; header_text_align=&#8220;left&#8220; text_orientation=&#8220;justified&#8220; custom_margin=&#8220;46px||25px|||&#8220; hover_enabled=&#8220;0&#8243; header_text_align_tablet=&#8220;center&#8220; header_text_align_last_edited=&#8220;off|tablet&#8220; header_3_text_align_tablet=&#8220;&#8220; header_3_text_align_phone=&#8220;center&#8220; header_3_text_align_last_edited=&#8220;on|phone&#8220; text_orientation_tablet=&#8220;justified&#8220; text_orientation_phone=&#8220;center&#8220; text_orientation_last_edited=&#8220;on|phone&#8220; global_colors_info=&#8220;{}&#8220; theme_builder_area=&#8220;post_content&#8220; sticky_enabled=&#8220;0&#8243;]<\/p>\n<h3>BIODIVERSIT\u00c4T AUF DER FINCA UND IHRE VORTEILE<\/h3>\n<p>Durch den Anbau und die Pflege der Vegetation schaffen wir Raum f\u00fcr zahlreiche Arten, die durch Abholzung und intensive Landwirtschaft ihren Lebensraum verloren haben. Auf unserer Finca finden wir: <\/p>\n<ul>\n<li>Verschiedene Vogelarten, die uns bei der Sch\u00e4dlingsbek\u00e4mpfung unterst\u00fctzen<\/li>\n<li>Wildlebende Best\u00e4uber, die f\u00fcr den Erhalt der Bl\u00fctenvielfalt unerl\u00e4sslich sind<\/li>\n<li>Pilze und Mikroorganismen, die den Boden bereichern und die Gesundheit der Kaffeepflanzen f\u00f6rdern<\/li>\n<\/ul>\n<p>Wir sind zudem \u00fcberzeugt, dass B\u00e4ume helfen, ein reguliertes Mikroklima zu schaffen \u2013 dank Schatten und Feuchtigkeitsspeicherung. Daher pflanzen wir einheimische B\u00e4ume wie den Johannisbrotbaum.<\/p>\n<h3>DIE AUSWIRKUNGEN UNSERER LANDWIRTSCHAFTLICHEN ENTSCHEIDUNGEN<\/h3>\n<p>Leider geht durch das F\u00e4llen von B\u00e4umen, den \u00fcberm\u00e4\u00dfigen Einsatz von Agrochemikalien oder den Anbau in voller Sonne ein Gro\u00dfteil der Biodiversit\u00e4t verloren. Auf unserer Bio-Finca setzen wir auf Praktiken, die das Leben f\u00f6rdern: <\/p>\n<p>[\/et_pb_text][et_pb_blurb title=&#8220;Wir erhalten einheimische B\u00e4ume und pflanzen Arten, die der Tierwelt zugutekommen&#8220; use_icon=&#8220;on&#8220; font_icon=&#8220;&#xf299;||fa||400&#8243; icon_placement=&#8220;left&#8220; content_max_width=&#8220;100%&#8220; image_icon_width_last_edited=&#8220;off|desktop&#8220; _builder_version=&#8220;4.27.4&#8243; _module_preset=&#8220;default&#8220; header_font_size=&#8220;19px&#8220; custom_margin=&#8220;||20px||false|false&#8220; global_colors_info=&#8220;{}&#8220; theme_builder_area=&#8220;post_content&#8220;][\/et_pb_blurb][et_pb_blurb title=&#8220;Wir erhalten Streifen mit nat\u00fcrlicher Vegetation&#8220; use_icon=&#8220;on&#8220; font_icon=&#8220;&#xf299;||fa||400&#8243; icon_placement=&#8220;left&#8220; content_max_width=&#8220;100%&#8220; image_icon_width_last_edited=&#8220;off|desktop&#8220; _builder_version=&#8220;4.27.4&#8243; _module_preset=&#8220;default&#8220; header_font_size=&#8220;19px&#8220; custom_margin=&#8220;||20px||false|false&#8220; global_colors_info=&#8220;{}&#8220; theme_builder_area=&#8220;post_content&#8220;][\/et_pb_blurb][et_pb_blurb title=&#8220;Wir verwenden Kompost anstelle von synthetischen D\u00fcngemitteln, um das Bodenleben zu n\u00e4hren&#8220; use_icon=&#8220;on&#8220; font_icon=&#8220;&#xf299;||fa||400&#8243; icon_placement=&#8220;left&#8220; content_max_width=&#8220;100%&#8220; image_icon_width_last_edited=&#8220;off|desktop&#8220; _builder_version=&#8220;4.27.4&#8243; _module_preset=&#8220;default&#8220; header_font_size=&#8220;19px&#8220; custom_margin=&#8220;||20px||false|false&#8220; global_colors_info=&#8220;{}&#8220; theme_builder_area=&#8220;post_content&#8220;][\/et_pb_blurb][et_pb_blurb title=&#8220;Wir verzichten auf Pestizide, die n\u00fctzliche Insekten sch\u00e4digen&#8220; use_icon=&#8220;on&#8220; font_icon=&#8220;&#xf299;||fa||400&#8243; icon_placement=&#8220;left&#8220; content_max_width=&#8220;100%&#8220; image_icon_width_last_edited=&#8220;off|desktop&#8220; _builder_version=&#8220;4.27.4&#8243; _module_preset=&#8220;default&#8220; header_font_size=&#8220;19px&#8220; custom_margin=&#8220;||20px||false|false&#8220; global_colors_info=&#8220;{}&#8220; theme_builder_area=&#8220;post_content&#8220;][\/et_pb_blurb][et_pb_blurb title=&#8220;Wir achten auf V\u00f6gel und Schl\u00fcsselarten als Indikatoren f\u00fcr ein gesundes \u00d6kosystem&#8220; use_icon=&#8220;on&#8220; font_icon=&#8220;&#xf299;||fa||400&#8243; icon_placement=&#8220;left&#8220; content_max_width=&#8220;100%&#8220; image_icon_width_last_edited=&#8220;off|desktop&#8220; _builder_version=&#8220;4.27.4&#8243; _module_preset=&#8220;default&#8220; header_font_size=&#8220;19px&#8220; custom_margin=&#8220;||20px||false|false&#8220; global_colors_info=&#8220;{}&#8220; theme_builder_area=&#8220;post_content&#8220;][\/et_pb_blurb][et_pb_text _builder_version=&#8220;4.27.4&#8243; _module_preset=&#8220;default&#8220; text_orientation=&#8220;justified&#8220; custom_margin=&#8220;20px||37px|||&#8220; custom_padding=&#8220;20px||||false|false&#8220; header_3_text_align_tablet=&#8220;&#8220; header_3_text_align_phone=&#8220;center&#8220; header_3_text_align_last_edited=&#8220;on|phone&#8220; text_orientation_tablet=&#8220;justified&#8220; text_orientation_phone=&#8220;justified&#8220; text_orientation_last_edited=&#8220;on|phone&#8220; global_colors_info=&#8220;{}&#8220; theme_builder_area=&#8220;post_content&#8220;]<\/p>\n<h3>GLOBAL BEWUSST HANDELN<\/h3>\n<p>Tag f\u00fcr Tag arbeiten wir daran, dass sich unsere Werte und Ziele in naher Zukunft widerspiegeln \u2013 und so ein Bewusstsein f\u00fcr die Natur und den respektvollen Umgang mit der Umwelt schaffen.<\/p>\n<p>[\/et_pb_text][et_pb_code _builder_version=&#8220;4.27.4&#8243; _module_preset=&#8220;default&#8220; global_colors_info=&#8220;{}&#8220; theme_builder_area=&#8220;post_content&#8220;][\/et_pb_code][et_pb_text _builder_version=&#8220;4.27.4&#8243; _module_preset=&#8220;default&#8220; header_4_text_color=&#8220;#F74334&#8243; header_4_font_size=&#8220;20px&#8220; text_orientation=&#8220;center&#8220; custom_padding=&#8220;31px|||||&#8220; border_width_top=&#8220;1px&#8220; border_color_top=&#8220;#F74334&#8243; global_colors_info=&#8220;{}&#8220; theme_builder_area=&#8220;post_content&#8220;]<\/p>\n<h4>LASST UNS EINE GEMEINSCHAFT BILDEN!<\/h4>\n<p>DIESER BLOG IST F\u00dcR DICH. WIR M\u00d6CHTEN DEINE FRAGEN, DEINE ERFAHRUNGEN UND DAS, WAS DICH AM KAFFEE AM MEISTEN BEGEISTERT, KENNENLERNEN. <br \/>WIR LADEN DICH EIN, UNS IN DEN SOZIALEN MEDIEN ZU FOLGEN, ZU KOMMENTIEREN UND DIESE LEIDENSCHAFT F\u00dcR KAFFEE MIT UNS ZU TEILEN!<\/p>\n<p>[\/et_pb_text][et_pb_icon _builder_version=&#8220;4.27.4&#8243; _module_preset=&#8220;default&#8220; theme_builder_area=&#8220;post_content&#8220; font_icon=&#8220;&#xf0c0;||fa||900&#8243; hover_enabled=&#8220;0&#8243; sticky_enabled=&#8220;0&#8243;][\/et_pb_icon][\/et_pb_column][\/et_pb_row][\/et_pb_section]<\/p>\n","protected":false},"excerpt":{"rendered":"<p>Seit Beginn unseres Projekts rund um die Kaffeefinca sind wir uns der Bedeutung bewusst, die der Schutz der nat\u00fcrlichen Umgebung in unseren Entscheidungen spielt. <\/p>\n","protected":false},"author":1,"featured_media":1775,"comment_status":"closed","ping_status":"open","sticky":false,"template":"","format":"standard","meta":{"_et_pb_use_builder":"on","_et_pb_old_content":"","_et_gb_content_width":"","_joinchat":[],"footnotes":""},"categories":[147,144],"tags":[140,136,130,134,138,132],"class_list":["post-1814","post","type-post","status-publish","format-standard","has-post-thumbnail","hentry","category-nachhaltigkeit","category-verantwortungsvolle-produktion","tag-bio-bauernhof","tag-eigener-anbau","tag-illes-coffee-lab-de","tag-kompostierung","tag-kreislaufwirtschaft","tag-nachhaltiger-kaffee"],"aioseo_notices":[],"_links":{"self":[{"href":"https:\/\/www.cafesillesbalears.com\/de\/wp-json\/wp\/v2\/posts\/1814","targetHints":{"allow":["GET"]}}],"collection":[{"href":"https:\/\/www.cafesillesbalears.com\/de\/wp-json\/wp\/v2\/posts"}],"about":[{"href":"https:\/\/www.cafesillesbalears.com\/de\/wp-json\/wp\/v2\/types\/post"}],"author":[{"embeddable":true,"href":"https:\/\/www.cafesillesbalears.com\/de\/wp-json\/wp\/v2\/users\/1"}],"replies":[{"embeddable":true,"href":"https:\/\/www.cafesillesbalears.com\/de\/wp-json\/wp\/v2\/comments?post=1814"}],"version-history":[{"count":0,"href":"https:\/\/www.cafesillesbalears.com\/de\/wp-json\/wp\/v2\/posts\/1814\/revisions"}],"wp:featuredmedia":[{"embeddable":true,"href":"https:\/\/www.cafesillesbalears.com\/de\/wp-json\/wp\/v2\/media\/1775"}],"wp:attachment":[{"href":"https:\/\/www.cafesillesbalears.com\/de\/wp-json\/wp\/v2\/media?parent=1814"}],"wp:term":[{"taxonomy":"category","embeddable":true,"href":"https:\/\/www.cafesillesbalears.com\/de\/wp-json\/wp\/v2\/categories?post=1814"},{"taxonomy":"post_tag","embeddable":true,"href":"https:\/\/www.cafesillesbalears.com\/de\/wp-json\/wp\/v2\/tags?post=1814"}],"curies":[{"name":"wp","href":"https:\/\/api.w.org\/{rel}","templated":true}]}}