{"id":2115,"date":"2025-08-08T16:18:01","date_gmt":"2025-08-08T16:18:01","guid":{"rendered":"https:\/\/www.cafesillesbalears.com\/que-es-la-fermentacion-del-cafe\/"},"modified":"2025-08-08T17:17:34","modified_gmt":"2025-08-08T17:17:34","slug":"was-ist-kaffeefermentation","status":"publish","type":"post","link":"https:\/\/www.cafesillesbalears.com\/de\/was-ist-kaffeefermentation\/","title":{"rendered":"Was ist Kaffeefermentation? Und warum ist sie entscheidend?"},"content":{"rendered":"<p>[et_pb_section fb_built=&#8220;1&#8243; admin_label=&#8220;Header&#8220; _builder_version=&#8220;4.27.4&#8243; _module_preset=&#8220;default&#8220; background_color=&#8220;rgba(0,0,0,0.26)&#8220; background_image=&#8220;https:\/\/www.cafesillesbalears.com\/wp-content\/uploads\/fermentacion-del-cafe.jpg&#8220; background_blend=&#8220;overlay&#8220; custom_margin=&#8220;0px||0px||false|false&#8220; custom_padding=&#8220;4vw||4vw||true|false&#8220; locked=&#8220;off&#8220; collapsed=&#8220;on&#8220; global_colors_info=&#8220;{}&#8220; theme_builder_area=&#8220;post_content&#8220;][et_pb_row _builder_version=&#8220;4.27.4&#8243; _module_preset=&#8220;default&#8220; custom_padding=&#8220;45px||45px||true|&#8220; global_colors_info=&#8220;{}&#8220; theme_builder_area=&#8220;post_content&#8220;][et_pb_column type=&#8220;4_4&#8243; _builder_version=&#8220;4.21.0&#8243; _module_preset=&#8220;default&#8220; global_colors_info=&#8220;{}&#8220; theme_builder_area=&#8220;post_content&#8220;][et_pb_post_title meta=&#8220;off&#8220; featured_image=&#8220;off&#8220; _builder_version=&#8220;4.27.4&#8243; _module_preset=&#8220;default&#8220; title_font=&#8220;|||on|||||&#8220; title_text_align=&#8220;center&#8220; title_text_color=&#8220;#FFFFFF&#8220; title_font_size=&#8220;33px&#8220; title_line_height=&#8220;1.2em&#8220; custom_margin=&#8220;||11px|||&#8220; hover_enabled=&#8220;0&#8243; global_colors_info=&#8220;{}&#8220; theme_builder_area=&#8220;post_content&#8220; title_font_size_last_edited=&#8220;on|phone&#8220; sticky_enabled=&#8220;0&#8243; title_font_size_phone=&#8220;28px&#8220; title_font_size_tablet=&#8220;33px&#8220;][\/et_pb_post_title][et_pb_text _builder_version=&#8220;4.27.4&#8243; _module_preset=&#8220;d61d1e09-0291-4701-b31d-543d6d25d6f1&#8243; text_text_color=&#8220;#FFFFFF&#8220; header_2_text_color=&#8220;#dddddd&#8220; header_2_font_size=&#8220;27px&#8220; text_orientation=&#8220;center&#8220; custom_margin=&#8220;-9px|||||&#8220; locked=&#8220;off&#8220; global_colors_info=&#8220;{}&#8220; theme_builder_area=&#8220;post_content&#8220;]<\/p>\n<h2>Caf\u00e8s Illes Balears<\/h2>\n<p>[\/et_pb_text][\/et_pb_column][\/et_pb_row][\/et_pb_section][et_pb_section fb_built=&#8220;1&#8243; _builder_version=&#8220;4.27.4&#8243; _module_preset=&#8220;default&#8220; custom_padding=&#8220;7px||0px|||&#8220; global_colors_info=&#8220;{}&#8220; theme_builder_area=&#8220;post_content&#8220;][et_pb_row _builder_version=&#8220;4.27.4&#8243; _module_preset=&#8220;default&#8220; width=&#8220;90%&#8220; custom_padding=&#8220;20px||8px|||&#8220; global_colors_info=&#8220;{}&#8220; theme_builder_area=&#8220;post_content&#8220;][et_pb_column type=&#8220;4_4&#8243; _builder_version=&#8220;4.27.4&#8243; _module_preset=&#8220;default&#8220; global_colors_info=&#8220;{}&#8220; theme_builder_area=&#8220;post_content&#8220;][et_pb_text _builder_version=&#8220;4.27.4&#8243; _module_preset=&#8220;default&#8220; text_font_size=&#8220;18px&#8220; custom_margin=&#8220;||25px|||&#8220; global_colors_info=&#8220;{}&#8220; theme_builder_area=&#8220;post_content&#8220;]<\/p>\n<p>Hinter jeder Tasse Kaffee stehen Prozesse, die Aromen und Geschmack direkt beeinflussen. Einer der wichtigsten, aber am wenigsten verstandenen, ist die Fermentation.<\/p>\n<p>Dieser Schritt nach der Ernte beeinflusst entscheidend die Endqualit\u00e4t. Durch Mikroorganismen entstehen einzigartige Geschmacksmerkmale, die das Sensorikprofil jeder Charge definieren.<\/p>\n<p><strong>In diesem Artikel erkl\u00e4ren wir Kaffeefermentation, ihre Bedeutung und ihren Einfluss auf Ihr Geschmackserlebnis.<\/strong><\/p>\n<p>[\/et_pb_text][et_pb_image src=&#8220;https:\/\/www.cafesillesbalears.com\/wp-content\/uploads\/composicion-de-fruto-del-cafe-3.jpg&#8220; alt=&#8220;Kaffeefermentation: Warum ist sie entscheidend?&#8220; title_text=&#8220;Zusammensetzung der Kaffeekirsche 3&#8243; align=&#8220;center&#8220; _builder_version=&#8220;4.27.4&#8243; _module_preset=&#8220;default&#8220; custom_margin=&#8220;13px||4px|||&#8220; hover_enabled=&#8220;0&#8243; global_colors_info=&#8220;{}&#8220; theme_builder_area=&#8220;post_content&#8220; show_in_lightbox=&#8220;on&#8220; sticky_enabled=&#8220;0&#8243;][\/et_pb_image][et_pb_text _builder_version=&#8220;4.27.4&#8243; _module_preset=&#8220;default&#8220; text_font_size=&#8220;15px&#8220; text_line_height=&#8220;1.3em&#8220; text_orientation=&#8220;center&#8220; global_colors_info=&#8220;{}&#8220; theme_builder_area=&#8220;post_content&#8220;]<\/p>\n<p><em>Ernte von Kaffeekirschen auf der Plantage von Caf\u00e8s Illes Balears<\/em><\/p>\n<p>[\/et_pb_text][et_pb_text _builder_version=&#8220;4.27.4&#8243; _module_preset=&#8220;default&#8220; header_2_font_size=&#8220;27px&#8220; text_orientation=&#8220;justified&#8220; custom_margin=&#8220;20px||25px|||&#8220; custom_padding=&#8220;11px|||||&#8220; header_2_font_size_tablet=&#8220;27px&#8220; header_2_font_size_phone=&#8220;21px&#8220; header_2_font_size_last_edited=&#8220;on|desktop&#8220; text_orientation_tablet=&#8220;justified&#8220; text_orientation_phone=&#8220;justified&#8220; text_orientation_last_edited=&#8220;on|phone&#8220; global_colors_info=&#8220;{}&#8220; theme_builder_area=&#8220;post_content&#8220;]<\/p>\n<p><strong>Kaffeefermentation beginnt nach der Ernte<\/strong>, wenn Mikroorganismen (Hefen und Bakterien) den Zucker und das Fruchtfleisch um die Bohne abbauen.<strong> Dieser Prozess erleichtert nicht nur die Reinigung, sondern ver\u00e4ndert die chemische Zusammensetzung \u2013 was direkt Aromen und Geschmack beeinflusst.<\/strong> <\/p>\n<p>&nbsp;<\/p>\n<h2>Fermentationsprozesse bei Kaffee<\/h2>\n<p>[\/et_pb_text][et_pb_image src=&#8220;https:\/\/www.cafesillesbalears.com\/wp-content\/uploads\/composicion-de-fruto-del-cafe.jpg&#8220; alt=&#8220;Kaffeefermentation: Warum ist sie entscheidend?&#8220; title_text=&#8220;Zusammensetzung der Kaffeekirsche&#8220; show_in_lightbox=&#8220;on&#8220; use_overlay=&#8220;on&#8220; hover_overlay_color=&#8220;rgba(247,67,52,0.16)&#8220; hover_icon=&#8220;&#x54;||divi||400&#8243; align=&#8220;center&#8220; _builder_version=&#8220;4.27.4&#8243; _module_preset=&#8220;default&#8220; custom_margin=&#8220;13px||4px|||&#8220; global_colors_info=&#8220;{}&#8220; theme_builder_area=&#8220;post_content&#8220;][\/et_pb_image][et_pb_text _builder_version=&#8220;4.27.4&#8243; _module_preset=&#8220;default&#8220; text_orientation=&#8220;justified&#8220; custom_margin=&#8220;1px||25px|||&#8220; custom_padding=&#8220;11px|||||&#8220; text_orientation_tablet=&#8220;justified&#8220; text_orientation_phone=&#8220;justified&#8220; text_orientation_last_edited=&#8220;on|phone&#8220; global_colors_info=&#8220;{}&#8220; theme_builder_area=&#8220;post_content&#8220;]<\/p>\n<p>Die Aufbereitungsmethode nach der Ernte beeinflusst direkt die Fermentation und damit das Sensorikprofil. <strong>Wir stellen die drei g\u00e4ngigsten Methoden vor:<\/strong><\/p>\n<p>[\/et_pb_text][et_pb_text _builder_version=&#8220;4.27.4&#8243; _module_preset=&#8220;default&#8220; text_line_height=&#8220;1.6em&#8220; header_3_text_color=&#8220;#F74334&#8243; text_orientation=&#8220;justified&#8220; custom_margin=&#8220;1px||25px|||&#8220; custom_padding=&#8220;11px|||||&#8220; text_orientation_tablet=&#8220;justified&#8220; text_orientation_phone=&#8220;justified&#8220; text_orientation_last_edited=&#8220;on|phone&#8220; global_colors_info=&#8220;{}&#8220; theme_builder_area=&#8220;post_content&#8220;]<\/p>\n<h3 style=\"text-align: left;\">1. Nat\u00fcrliche Aufbereitung (Trockenaufbereitung)<\/h3>\n<p>Ganze Kirschen trocknen mit Fruchtfleisch und Mucilage. Traditionell in trockenen, sonnigen Regionen. <\/p>\n<ul>\n<li><strong>Fermentation:<\/strong> Langsame, kontrollierte Fermentation in der Frucht w\u00e4hrend der Trocknung.<\/li>\n<li><strong>Geschmack:<\/strong> Intensive Fruchtnoten, ausgepr\u00e4gte S\u00fc\u00dfe, geringere S\u00e4ure.<\/li>\n<li><strong>Risiken: <\/strong>Bei Fehlbehandlung k\u00f6nnen unerw\u00fcnschte Fermentationsnoten oder \u00dcberfermentierung entstehen.<\/li>\n<\/ul>\n<h3><\/h3>\n<h3>2. Honey-Verfahren (Halbgewaschen)<\/h3>\n<p>Die Kirsche wird enth\u00e4utet, aber mit Fruchtfleisch-Resten getrocknet. Restmenge bestimmt <strong>Gelb-<\/strong>, <strong>Rot-<\/strong> oder <strong>Schwarz<\/strong>-Honey. <\/p>\n<ul>\n<li><strong>Fermentation: <\/strong>Findet im anhaftenden Fruchtfleisch statt \u2013 kontrollierter als beim Naturverfahren.<\/li>\n<li><strong>Geschmack:<\/strong> Variiert nach Honey-Typ, meist ausgewogen in S\u00fc\u00dfe, S\u00e4ure und K\u00f6rper.<\/li>\n<li><strong>Vorteil: <\/strong>Geringeres Fehlerrisiko als nat\u00fcrlich, aber komplexer als gewaschen.<\/li>\n<\/ul>\n<p>&nbsp;<\/p>\n<h3>3. Gewaschene Aufbereitung (Nassaufbereitung)<\/h3>\n<p>Dies ist eine der g\u00e4ngigsten Methoden in L\u00e4ndern mit ausreichendem Wasserzugang. Die Kirschen werden entkernt und anschlie\u00dfend in G\u00e4rtanks gegeben, um den Schleim durch mikrobielle oder mechanische Prozesse zu entfernen. <\/p>\n<ul>\n<li><strong>Fermentation:<\/strong> In Tanks (12-48 Stunden), abh\u00e4ngig von Klima und Produzentenzielen.<\/li>\n<li><strong>Geschmack: <\/strong>Klarere Aromen, helle S\u00e4ure, deutlichere Herkunfts- und Sortencharakteristik.<\/li>\n<li><strong>Vorteil: <\/strong> Pr\u00e4zisere Steuerung von Dauer und Bedingungen.<\/li>\n<\/ul>\n<p>[\/et_pb_text][et_pb_image src=&#8220;https:\/\/www.cafesillesbalears.com\/wp-content\/uploads\/composicion-de-fruto-del-cafe-2.jpg&#8220; alt=&#8220;Ernte von unserem Anwesen, im Honey-Verfahren getrocknet&#8220; title_text=&#8220;Ernte von unserem Anwesen, im Honey-Verfahren getrocknet&#8220; align=&#8220;center&#8220; _builder_version=&#8220;4.27.4&#8243; _module_preset=&#8220;default&#8220; custom_margin=&#8220;13px||4px|||&#8220; global_colors_info=&#8220;{}&#8220; theme_builder_area=&#8220;post_content&#8220;][\/et_pb_image][et_pb_text _builder_version=&#8220;4.27.4&#8243; _module_preset=&#8220;default&#8220; text_font_size=&#8220;15px&#8220; text_line_height=&#8220;1.3em&#8220; text_orientation=&#8220;center&#8220; custom_margin=&#8220;||46px|||&#8220; custom_padding=&#8220;||0px|||&#8220; global_colors_info=&#8220;{}&#8220; theme_builder_area=&#8220;post_content&#8220;]<\/p>\n<p><em>Ernte von unserem Anwesen, im Honey-Verfahren getrocknet<\/em><\/p>\n<p>[\/et_pb_text][et_pb_text _builder_version=&#8220;4.27.4&#8243; _module_preset=&#8220;default&#8220; header_4_text_color=&#8220;#F74334&#8243; header_4_font_size=&#8220;20px&#8220; text_orientation=&#8220;center&#8220; custom_padding=&#8220;31px|||||&#8220; global_colors_info=&#8220;{}&#8220; theme_builder_area=&#8220;post_content&#8220;]<\/p>\n<h4>LASST UNS EINE GEMEINSCHAFT BILDEN!<\/h4>\n<p>DIESER BLOG IST F\u00dcR DICH. WIR M\u00d6CHTEN DEINE FRAGEN, DEINE ERFAHRUNGEN UND DAS, WAS DICH AM MEISTEN AM KAFFEE BEGEISTERT, KENNENLERNEN.<br \/>WIR LADEN DICH EIN, UNS IN DEN SOZIALEN MEDIEN ZU FOLGEN, ZU KOMMENTIEREN UND DIESE LEIDENSCHAFT F\u00dcR KAFFEE MIT UNS ZU TEILEN!<\/p>\n<p>[\/et_pb_text][\/et_pb_column][\/et_pb_row][\/et_pb_section]<\/p>\n","protected":false},"excerpt":{"rendered":"<p>Hinter jeder Tasse Kaffee stehen Prozesse, die Aromen und Geschmack direkt beeinflussen&#8230;<\/p>\n","protected":false},"author":1,"featured_media":2102,"comment_status":"closed","ping_status":"open","sticky":false,"template":"","format":"standard","meta":{"_et_pb_use_builder":"on","_et_pb_old_content":"","_et_gb_content_width":"","_joinchat":[],"footnotes":""},"categories":[142,147,144],"tags":[140,136,180,130,160,132],"class_list":["post-2115","post","type-post","status-publish","format-standard","has-post-thumbnail","hentry","category-kaffeekultur","category-nachhaltigkeit","category-verantwortungsvolle-produktion","tag-bio-bauernhof","tag-eigener-anbau","tag-fermentacion-del-cafe-de","tag-illes-coffee-lab-de","tag-kaffee-kultur","tag-nachhaltiger-kaffee"],"aioseo_notices":[],"_links":{"self":[{"href":"https:\/\/www.cafesillesbalears.com\/de\/wp-json\/wp\/v2\/posts\/2115","targetHints":{"allow":["GET"]}}],"collection":[{"href":"https:\/\/www.cafesillesbalears.com\/de\/wp-json\/wp\/v2\/posts"}],"about":[{"href":"https:\/\/www.cafesillesbalears.com\/de\/wp-json\/wp\/v2\/types\/post"}],"author":[{"embeddable":true,"href":"https:\/\/www.cafesillesbalears.com\/de\/wp-json\/wp\/v2\/users\/1"}],"replies":[{"embeddable":true,"href":"https:\/\/www.cafesillesbalears.com\/de\/wp-json\/wp\/v2\/comments?post=2115"}],"version-history":[{"count":0,"href":"https:\/\/www.cafesillesbalears.com\/de\/wp-json\/wp\/v2\/posts\/2115\/revisions"}],"wp:featuredmedia":[{"embeddable":true,"href":"https:\/\/www.cafesillesbalears.com\/de\/wp-json\/wp\/v2\/media\/2102"}],"wp:attachment":[{"href":"https:\/\/www.cafesillesbalears.com\/de\/wp-json\/wp\/v2\/media?parent=2115"}],"wp:term":[{"taxonomy":"category","embeddable":true,"href":"https:\/\/www.cafesillesbalears.com\/de\/wp-json\/wp\/v2\/categories?post=2115"},{"taxonomy":"post_tag","embeddable":true,"href":"https:\/\/www.cafesillesbalears.com\/de\/wp-json\/wp\/v2\/tags?post=2115"}],"curies":[{"name":"wp","href":"https:\/\/api.w.org\/{rel}","templated":true}]}}