{"id":448,"count":1,"description":"Entdecken Sie unsere kuratierte Auswahl an Spezialit\u00e4tenkaffee, angebaut auf den besten Finken der Welt und handwerklich ger\u00f6stet auf Mallorca. Jede Single-Origin-Variet\u00e4t wird sorgf\u00e4ltig nach ihrem einzigartigen Sensorikprofil ausgew\u00e4hlt und garantiert eine Bewertung von \u00fcber 80 Punkten auf der SCA-Skala (Specialty Coffee Association). Von fruchtigen und floralen Noten bis hin zu vollmundigen Schokoladennuancen \u2013 entdecken Sie l\u00fcckenlos r\u00fcckverfolgbare Bohnen, die ihr Mikroklima und die Arbeit der Kaffeebauern ehren.","link":"https:\/\/www.cafesillesbalears.com\/de\/kat-kaffee\/kaffees-de\/spezialitatenkaffee-mallorca\/","name":"Spezialit\u00e4tenkaffee","slug":"spezialitatenkaffee-mallorca","taxonomy":"product_cat","parent":76,"meta":[],"menu_order":0,"aioseo_head":"\n\t\t<!-- All in One SEO 5.0.0.1 - aioseo.com -->\n\t<meta name=\"description\" content=\"Entdecken Sie unsere kuratierte Auswahl an Spezialit\u00e4tenkaffee, angebaut auf den besten Finken der Welt und handwerklich ger\u00f6stet auf Mallorca. Jede Single-Origin-Variet\u00e4t wird sorgf\u00e4ltig nach ihrem einzigartigen Sensorikprofil ausgew\u00e4hlt und garantiert eine Bewertung von \u00fcber 80 Punkten auf der SCA-Skala (Specialty Coffee Association). Von fruchtigen und floralen Noten bis hin zu vollmundigen Schokoladennuancen \u2013 entdecken Sie l\u00fcckenlos r\u00fcckverfolgbare Bohnen, die ihr Mikroklima und die Arbeit der Kaffeebauern ehren.\" \/>\n\t<meta name=\"robots\" content=\"max-image-preview:large\" \/>\n\t<link rel=\"canonical\" href=\"https:\/\/www.cafesillesbalears.com\/de\/kat-kaffee\/kaffees-de\/spezialitatenkaffee-mallorca\/\" \/>\n\t<meta name=\"generator\" content=\"All in One SEO (AIOSEO) 5.0.0.1\" \/>\n\t\t<script type=\"application\/ld+json\" class=\"aioseo-schema\">\n\t\t\t{\"@context\":\"https:\\\/\\\/schema.org\",\"@graph\":[{\"@type\":\"BreadcrumbList\",\"@id\":\"https:\\\/\\\/www.cafesillesbalears.com\\\/de\\\/wp-json\\\/wp\\\/v2\\\/product_cat\\\/448\\\/#breadcrumblist\",\"itemListElement\":[{\"@type\":\"ListItem\",\"@id\":\"https:\\\/\\\/www.cafesillesbalears.com\\\/de\\\/#listItem\",\"position\":1,\"name\":\"Home\",\"item\":\"https:\\\/\\\/www.cafesillesbalears.com\\\/de\\\/\",\"nextItem\":{\"@type\":\"ListItem\",\"@id\":\"https:\\\/\\\/www.cafesillesbalears.com\\\/de\\\/online-shop-kaffees\\\/#listItem\",\"name\":\"Online-Shop\"}},{\"@type\":\"ListItem\",\"@id\":\"https:\\\/\\\/www.cafesillesbalears.com\\\/de\\\/online-shop-kaffees\\\/#listItem\",\"position\":2,\"name\":\"Online-Shop\",\"item\":\"https:\\\/\\\/www.cafesillesbalears.com\\\/de\\\/online-shop-kaffees\\\/\",\"nextItem\":{\"@type\":\"ListItem\",\"@id\":\"https:\\\/\\\/www.cafesillesbalears.com\\\/de\\\/kat-kaffee\\\/kaffees-de\\\/#listItem\",\"name\":\"Kaffees\"},\"previousItem\":{\"@type\":\"ListItem\",\"@id\":\"https:\\\/\\\/www.cafesillesbalears.com\\\/de\\\/#listItem\",\"name\":\"Home\"}},{\"@type\":\"ListItem\",\"@id\":\"https:\\\/\\\/www.cafesillesbalears.com\\\/de\\\/kat-kaffee\\\/kaffees-de\\\/#listItem\",\"position\":3,\"name\":\"Kaffees\",\"item\":\"https:\\\/\\\/www.cafesillesbalears.com\\\/de\\\/kat-kaffee\\\/kaffees-de\\\/\",\"nextItem\":{\"@type\":\"ListItem\",\"@id\":\"https:\\\/\\\/www.cafesillesbalears.com\\\/de\\\/kat-kaffee\\\/kaffees-de\\\/spezialitatenkaffee-mallorca\\\/#listItem\",\"name\":\"Spezialit\\u00e4tenkaffee\"},\"previousItem\":{\"@type\":\"ListItem\",\"@id\":\"https:\\\/\\\/www.cafesillesbalears.com\\\/de\\\/online-shop-kaffees\\\/#listItem\",\"name\":\"Online-Shop\"}},{\"@type\":\"ListItem\",\"@id\":\"https:\\\/\\\/www.cafesillesbalears.com\\\/de\\\/kat-kaffee\\\/kaffees-de\\\/spezialitatenkaffee-mallorca\\\/#listItem\",\"position\":4,\"name\":\"Spezialit\\u00e4tenkaffee\",\"previousItem\":{\"@type\":\"ListItem\",\"@id\":\"https:\\\/\\\/www.cafesillesbalears.com\\\/de\\\/kat-kaffee\\\/kaffees-de\\\/#listItem\",\"name\":\"Kaffees\"}}]},{\"@type\":\"CollectionPage\",\"@id\":\"https:\\\/\\\/www.cafesillesbalears.com\\\/de\\\/wp-json\\\/wp\\\/v2\\\/product_cat\\\/448\\\/#collectionpage\",\"url\":\"https:\\\/\\\/www.cafesillesbalears.com\\\/de\\\/wp-json\\\/wp\\\/v2\\\/product_cat\\\/448\\\/\",\"name\":\"Spezialit\\u00e4tenkaffee - Caf\\u00e8s Illes Balears, Caf\\u00e9 Artesanal en Mallorca\",\"description\":\"Entdecken Sie unsere kuratierte Auswahl an Spezialit\\u00e4tenkaffee, angebaut auf den besten Finken der Welt und handwerklich ger\\u00f6stet auf Mallorca. Jede Single-Origin-Variet\\u00e4t wird sorgf\\u00e4ltig nach ihrem einzigartigen Sensorikprofil ausgew\\u00e4hlt und garantiert eine Bewertung von \\u00fcber 80 Punkten auf der SCA-Skala (Specialty Coffee Association). Von fruchtigen und floralen Noten bis hin zu vollmundigen Schokoladennuancen \\u2013 entdecken Sie l\\u00fcckenlos r\\u00fcckverfolgbare Bohnen, die ihr Mikroklima und die Arbeit der Kaffeebauern ehren.\",\"inLanguage\":\"de-DE\",\"isPartOf\":{\"@id\":\"https:\\\/\\\/www.cafesillesbalears.com\\\/de\\\/#website\"},\"breadcrumb\":{\"@id\":\"https:\\\/\\\/www.cafesillesbalears.com\\\/de\\\/wp-json\\\/wp\\\/v2\\\/product_cat\\\/448\\\/#breadcrumblist\"}},{\"@type\":\"Organization\",\"@id\":\"https:\\\/\\\/www.cafesillesbalears.com\\\/de\\\/#organization\",\"name\":\"Caf\\u00e8s Illes Balears, Caf\\u00e9 Artesanal en Mallorca\",\"description\":\"Venta y distribuci\\u00f3n de caf\\u00e9 en Mallorca, Espa\\u00f1a y Europa\",\"url\":\"https:\\\/\\\/www.cafesillesbalears.com\\\/de\\\/\",\"logo\":{\"@type\":\"ImageObject\",\"url\":\"https:\\\/\\\/www.cafesillesbalears.com\\\/wp-content\\\/uploads\\\/cropped-cafes-illes-balears-512.png\",\"@id\":\"https:\\\/\\\/www.cafesillesbalears.com\\\/de\\\/wp-json\\\/wp\\\/v2\\\/product_cat\\\/448\\\/#organizationLogo\",\"width\":512,\"height\":512},\"image\":{\"@id\":\"https:\\\/\\\/www.cafesillesbalears.com\\\/de\\\/wp-json\\\/wp\\\/v2\\\/product_cat\\\/448\\\/#organizationLogo\"},\"sameAs\":[\"https:\\\/\\\/www.facebook.com\\\/cafesillesbalears\",\"https:\\\/\\\/www.instagram.com\\\/cafesillesbalears\\\/\"]},{\"@type\":\"WebSite\",\"@id\":\"https:\\\/\\\/www.cafesillesbalears.com\\\/de\\\/#website\",\"url\":\"https:\\\/\\\/www.cafesillesbalears.com\\\/de\\\/\",\"name\":\"Caf\\u00e8s Illes Balears, Caf\\u00e9 Artesanal en Mallorca\",\"description\":\"Venta y distribuci\\u00f3n de caf\\u00e9 en Mallorca, Espa\\u00f1a y Europa\",\"inLanguage\":\"de-DE\",\"publisher\":{\"@id\":\"https:\\\/\\\/www.cafesillesbalears.com\\\/de\\\/#organization\"}}]}\n\t\t<\/script>\n\t\t<!-- All in One SEO -->\n\n","aioseo_head_json":{"title":"Spezialit\u00e4tenkaffee - Caf\u00e8s Illes Balears, Caf\u00e9 Artesanal en Mallorca","description":"Entdecken Sie unsere kuratierte Auswahl an Spezialit\u00e4tenkaffee, angebaut auf den besten Finken der Welt und handwerklich ger\u00f6stet auf Mallorca. Jede Single-Origin-Variet\u00e4t wird sorgf\u00e4ltig nach ihrem einzigartigen Sensorikprofil ausgew\u00e4hlt und garantiert eine Bewertung von \u00fcber 80 Punkten auf der SCA-Skala (Specialty Coffee Association). Von fruchtigen und floralen Noten bis hin zu vollmundigen Schokoladennuancen \u2013 entdecken Sie l\u00fcckenlos r\u00fcckverfolgbare Bohnen, die ihr Mikroklima und die Arbeit der Kaffeebauern ehren.","canonical_url":"https:\/\/www.cafesillesbalears.com\/de\/kat-kaffee\/kaffees-de\/spezialitatenkaffee-mallorca\/","robots":"max-image-preview:large","keywords":"","webmasterTools":{"miscellaneous":""},"schema":{"@context":"https:\/\/schema.org","@graph":[{"@type":"BreadcrumbList","@id":"https:\/\/www.cafesillesbalears.com\/de\/wp-json\/wp\/v2\/product_cat\/448\/#breadcrumblist","itemListElement":[{"@type":"ListItem","@id":"https:\/\/www.cafesillesbalears.com\/de\/#listItem","position":1,"name":"Home","item":"https:\/\/www.cafesillesbalears.com\/de\/","nextItem":{"@type":"ListItem","@id":"https:\/\/www.cafesillesbalears.com\/de\/online-shop-kaffees\/#listItem","name":"Online-Shop"}},{"@type":"ListItem","@id":"https:\/\/www.cafesillesbalears.com\/de\/online-shop-kaffees\/#listItem","position":2,"name":"Online-Shop","item":"https:\/\/www.cafesillesbalears.com\/de\/online-shop-kaffees\/","nextItem":{"@type":"ListItem","@id":"https:\/\/www.cafesillesbalears.com\/de\/kat-kaffee\/kaffees-de\/#listItem","name":"Kaffees"},"previousItem":{"@type":"ListItem","@id":"https:\/\/www.cafesillesbalears.com\/de\/#listItem","name":"Home"}},{"@type":"ListItem","@id":"https:\/\/www.cafesillesbalears.com\/de\/kat-kaffee\/kaffees-de\/#listItem","position":3,"name":"Kaffees","item":"https:\/\/www.cafesillesbalears.com\/de\/kat-kaffee\/kaffees-de\/","nextItem":{"@type":"ListItem","@id":"https:\/\/www.cafesillesbalears.com\/de\/kat-kaffee\/kaffees-de\/spezialitatenkaffee-mallorca\/#listItem","name":"Spezialit\u00e4tenkaffee"},"previousItem":{"@type":"ListItem","@id":"https:\/\/www.cafesillesbalears.com\/de\/online-shop-kaffees\/#listItem","name":"Online-Shop"}},{"@type":"ListItem","@id":"https:\/\/www.cafesillesbalears.com\/de\/kat-kaffee\/kaffees-de\/spezialitatenkaffee-mallorca\/#listItem","position":4,"name":"Spezialit\u00e4tenkaffee","previousItem":{"@type":"ListItem","@id":"https:\/\/www.cafesillesbalears.com\/de\/kat-kaffee\/kaffees-de\/#listItem","name":"Kaffees"}}]},{"@type":"CollectionPage","@id":"https:\/\/www.cafesillesbalears.com\/de\/wp-json\/wp\/v2\/product_cat\/448\/#collectionpage","url":"https:\/\/www.cafesillesbalears.com\/de\/wp-json\/wp\/v2\/product_cat\/448\/","name":"Spezialit\u00e4tenkaffee - Caf\u00e8s Illes Balears, Caf\u00e9 Artesanal en Mallorca","description":"Entdecken Sie unsere kuratierte Auswahl an Spezialit\u00e4tenkaffee, angebaut auf den besten Finken der Welt und handwerklich ger\u00f6stet auf Mallorca. Jede Single-Origin-Variet\u00e4t wird sorgf\u00e4ltig nach ihrem einzigartigen Sensorikprofil ausgew\u00e4hlt und garantiert eine Bewertung von \u00fcber 80 Punkten auf der SCA-Skala (Specialty Coffee Association). Von fruchtigen und floralen Noten bis hin zu vollmundigen Schokoladennuancen \u2013 entdecken Sie l\u00fcckenlos r\u00fcckverfolgbare Bohnen, die ihr Mikroklima und die Arbeit der Kaffeebauern ehren.","inLanguage":"de-DE","isPartOf":{"@id":"https:\/\/www.cafesillesbalears.com\/de\/#website"},"breadcrumb":{"@id":"https:\/\/www.cafesillesbalears.com\/de\/wp-json\/wp\/v2\/product_cat\/448\/#breadcrumblist"}},{"@type":"Organization","@id":"https:\/\/www.cafesillesbalears.com\/de\/#organization","name":"Caf\u00e8s Illes Balears, Caf\u00e9 Artesanal en Mallorca","description":"Venta y distribuci\u00f3n de caf\u00e9 en Mallorca, Espa\u00f1a y Europa","url":"https:\/\/www.cafesillesbalears.com\/de\/","logo":{"@type":"ImageObject","url":"https:\/\/www.cafesillesbalears.com\/wp-content\/uploads\/cropped-cafes-illes-balears-512.png","@id":"https:\/\/www.cafesillesbalears.com\/de\/wp-json\/wp\/v2\/product_cat\/448\/#organizationLogo","width":512,"height":512},"image":{"@id":"https:\/\/www.cafesillesbalears.com\/de\/wp-json\/wp\/v2\/product_cat\/448\/#organizationLogo"},"sameAs":["https:\/\/www.facebook.com\/cafesillesbalears","https:\/\/www.instagram.com\/cafesillesbalears\/"]},{"@type":"WebSite","@id":"https:\/\/www.cafesillesbalears.com\/de\/#website","url":"https:\/\/www.cafesillesbalears.com\/de\/","name":"Caf\u00e8s Illes Balears, Caf\u00e9 Artesanal en Mallorca","description":"Venta y distribuci\u00f3n de caf\u00e9 en Mallorca, Espa\u00f1a y Europa","inLanguage":"de-DE","publisher":{"@id":"https:\/\/www.cafesillesbalears.com\/de\/#organization"}}]}},"aioseo_breadcrumb":"<div class=\"aioseo-breadcrumbs\"><span class=\"aioseo-breadcrumb\">\n\t\t\t<a href=\"https:\/\/www.cafesillesbalears.com\/de\/\" title=\"Home\">Home<\/a>\n\t\t<\/span><span class=\"aioseo-breadcrumb-separator\">&raquo;<\/span><span class=\"aioseo-breadcrumb\">\n\t\t\t<a href=\"https:\/\/www.cafesillesbalears.com\/de\/online-shop-kaffees\/\" title=\"Online-Shop\">Online-Shop<\/a>\n\t\t<\/span><span class=\"aioseo-breadcrumb-separator\">&raquo;<\/span><span class=\"aioseo-breadcrumb\">\n\t\t\t<a href=\"https:\/\/www.cafesillesbalears.com\/de\/kat-kaffee\/kaffees-de\/\" title=\"Kaffees\">Kaffees<\/a>\n\t\t<\/span><span class=\"aioseo-breadcrumb-separator\">&raquo;<\/span><span class=\"aioseo-breadcrumb\">\n\t\t\tSpezialit\u00e4tenkaffee\n\t\t<\/span><\/div>","aioseo_breadcrumb_json":[{"label":"Home","link":"https:\/\/www.cafesillesbalears.com\/de\/"},{"label":"Online-Shop","link":"https:\/\/www.cafesillesbalears.com\/de\/online-shop-kaffees\/"},{"label":"Kaffees","link":"https:\/\/www.cafesillesbalears.com\/de\/kat-kaffee\/kaffees-de\/"},{"label":"Spezialit\u00e4tenkaffee","link":"https:\/\/www.cafesillesbalears.com\/de\/kat-kaffee\/kaffees-de\/spezialitatenkaffee-mallorca\/"}],"_links":{"self":[{"href":"https:\/\/www.cafesillesbalears.com\/de\/wp-json\/wp\/v2\/product_cat\/448","targetHints":{"allow":["GET"]}}],"collection":[{"href":"https:\/\/www.cafesillesbalears.com\/de\/wp-json\/wp\/v2\/product_cat"}],"about":[{"href":"https:\/\/www.cafesillesbalears.com\/de\/wp-json\/wp\/v2\/taxonomies\/product_cat"}],"up":[{"embeddable":true,"href":"https:\/\/www.cafesillesbalears.com\/de\/wp-json\/wp\/v2\/product_cat\/76"}],"wp:post_type":[{"href":"https:\/\/www.cafesillesbalears.com\/de\/wp-json\/wp\/v2\/product?product_cat=448"}],"curies":[{"name":"wp","href":"https:\/\/api.w.org\/{rel}","templated":true}]}}