{"id":447,"count":1,"description":"Discover our curated selection of speciality coffee, grown on the world\u2019s finest estates and artisanally roasted in Mallorca. Each single-origin lot has been carefully selected for its unique sensory profile, guaranteeing a score above 80 points on the SCA (Speciality Coffee Association) scale. From vibrant fruity and floral notes to rich, chocolatey undertones, explore fully traceable beans that honor their microclimate and the dedication of local farmers.","link":"https:\/\/www.cafesillesbalears.com\/en\/cat-coffee\/coffees-en\/speciality-coffee-mallorca\/","name":"Speciality Coffee","slug":"speciality-coffee-mallorca","taxonomy":"product_cat","parent":62,"meta":[],"menu_order":0,"aioseo_head":"\n\t\t<!-- All in One SEO 5.0.0.1 - aioseo.com -->\n\t<meta name=\"description\" content=\"Discover our curated selection of speciality coffee, grown on the world\u2019s finest estates and artisanally roasted in Mallorca. Each single-origin lot has been carefully selected for its unique sensory profile, guaranteeing a score above 80 points on the SCA (Speciality Coffee Association) scale. From vibrant fruity and floral notes to rich, chocolatey undertones, explore fully traceable beans that honor their microclimate and the dedication of local farmers.\" \/>\n\t<meta name=\"robots\" content=\"max-image-preview:large\" \/>\n\t<link rel=\"canonical\" href=\"https:\/\/www.cafesillesbalears.com\/en\/cat-coffee\/coffees-en\/speciality-coffee-mallorca\/\" \/>\n\t<meta name=\"generator\" content=\"All in One SEO (AIOSEO) 5.0.0.1\" \/>\n\t\t<script type=\"application\/ld+json\" class=\"aioseo-schema\">\n\t\t\t{\"@context\":\"https:\\\/\\\/schema.org\",\"@graph\":[{\"@type\":\"BreadcrumbList\",\"@id\":\"https:\\\/\\\/www.cafesillesbalears.com\\\/en\\\/wp-json\\\/wp\\\/v2\\\/product_cat\\\/447\\\/#breadcrumblist\",\"itemListElement\":[{\"@type\":\"ListItem\",\"@id\":\"https:\\\/\\\/www.cafesillesbalears.com\\\/en\\\/#listItem\",\"position\":1,\"name\":\"Home\",\"item\":\"https:\\\/\\\/www.cafesillesbalears.com\\\/en\\\/\",\"nextItem\":{\"@type\":\"ListItem\",\"@id\":\"https:\\\/\\\/www.cafesillesbalears.com\\\/en\\\/shop-online-coffees\\\/#listItem\",\"name\":\"Tienda\"}},{\"@type\":\"ListItem\",\"@id\":\"https:\\\/\\\/www.cafesillesbalears.com\\\/en\\\/shop-online-coffees\\\/#listItem\",\"position\":2,\"name\":\"Tienda\",\"item\":\"https:\\\/\\\/www.cafesillesbalears.com\\\/en\\\/shop-online-coffees\\\/\",\"nextItem\":{\"@type\":\"ListItem\",\"@id\":\"https:\\\/\\\/www.cafesillesbalears.com\\\/en\\\/cat-coffee\\\/coffees-en\\\/#listItem\",\"name\":\"Coffees\"},\"previousItem\":{\"@type\":\"ListItem\",\"@id\":\"https:\\\/\\\/www.cafesillesbalears.com\\\/en\\\/#listItem\",\"name\":\"Home\"}},{\"@type\":\"ListItem\",\"@id\":\"https:\\\/\\\/www.cafesillesbalears.com\\\/en\\\/cat-coffee\\\/coffees-en\\\/#listItem\",\"position\":3,\"name\":\"Coffees\",\"item\":\"https:\\\/\\\/www.cafesillesbalears.com\\\/en\\\/cat-coffee\\\/coffees-en\\\/\",\"nextItem\":{\"@type\":\"ListItem\",\"@id\":\"https:\\\/\\\/www.cafesillesbalears.com\\\/en\\\/cat-coffee\\\/coffees-en\\\/speciality-coffee-mallorca\\\/#listItem\",\"name\":\"Speciality Coffee\"},\"previousItem\":{\"@type\":\"ListItem\",\"@id\":\"https:\\\/\\\/www.cafesillesbalears.com\\\/en\\\/shop-online-coffees\\\/#listItem\",\"name\":\"Tienda\"}},{\"@type\":\"ListItem\",\"@id\":\"https:\\\/\\\/www.cafesillesbalears.com\\\/en\\\/cat-coffee\\\/coffees-en\\\/speciality-coffee-mallorca\\\/#listItem\",\"position\":4,\"name\":\"Speciality Coffee\",\"previousItem\":{\"@type\":\"ListItem\",\"@id\":\"https:\\\/\\\/www.cafesillesbalears.com\\\/en\\\/cat-coffee\\\/coffees-en\\\/#listItem\",\"name\":\"Coffees\"}}]},{\"@type\":\"CollectionPage\",\"@id\":\"https:\\\/\\\/www.cafesillesbalears.com\\\/en\\\/wp-json\\\/wp\\\/v2\\\/product_cat\\\/447\\\/#collectionpage\",\"url\":\"https:\\\/\\\/www.cafesillesbalears.com\\\/en\\\/wp-json\\\/wp\\\/v2\\\/product_cat\\\/447\\\/\",\"name\":\"Speciality Coffee - Caf\\u00e8s Illes Balears, Caf\\u00e9 Artesanal en Mallorca\",\"description\":\"Discover our curated selection of speciality coffee, grown on the world\\u2019s finest estates and artisanally roasted in Mallorca. Each single-origin lot has been carefully selected for its unique sensory profile, guaranteeing a score above 80 points on the SCA (Speciality Coffee Association) scale. From vibrant fruity and floral notes to rich, chocolatey undertones, explore fully traceable beans that honor their microclimate and the dedication of local farmers.\",\"inLanguage\":\"en-US\",\"isPartOf\":{\"@id\":\"https:\\\/\\\/www.cafesillesbalears.com\\\/en\\\/#website\"},\"breadcrumb\":{\"@id\":\"https:\\\/\\\/www.cafesillesbalears.com\\\/en\\\/wp-json\\\/wp\\\/v2\\\/product_cat\\\/447\\\/#breadcrumblist\"}},{\"@type\":\"Organization\",\"@id\":\"https:\\\/\\\/www.cafesillesbalears.com\\\/en\\\/#organization\",\"name\":\"Caf\\u00e8s Illes Balears, Caf\\u00e9 Artesanal en Mallorca\",\"description\":\"Venta y distribuci\\u00f3n de caf\\u00e9 en Mallorca, Espa\\u00f1a y Europa\",\"url\":\"https:\\\/\\\/www.cafesillesbalears.com\\\/en\\\/\",\"logo\":{\"@type\":\"ImageObject\",\"url\":\"https:\\\/\\\/www.cafesillesbalears.com\\\/wp-content\\\/uploads\\\/cropped-cafes-illes-balears-512.png\",\"@id\":\"https:\\\/\\\/www.cafesillesbalears.com\\\/en\\\/wp-json\\\/wp\\\/v2\\\/product_cat\\\/447\\\/#organizationLogo\",\"width\":512,\"height\":512},\"image\":{\"@id\":\"https:\\\/\\\/www.cafesillesbalears.com\\\/en\\\/wp-json\\\/wp\\\/v2\\\/product_cat\\\/447\\\/#organizationLogo\"},\"sameAs\":[\"https:\\\/\\\/www.facebook.com\\\/cafesillesbalears\",\"https:\\\/\\\/www.instagram.com\\\/cafesillesbalears\\\/\"]},{\"@type\":\"WebSite\",\"@id\":\"https:\\\/\\\/www.cafesillesbalears.com\\\/en\\\/#website\",\"url\":\"https:\\\/\\\/www.cafesillesbalears.com\\\/en\\\/\",\"name\":\"Caf\\u00e8s Illes Balears, Caf\\u00e9 Artesanal en Mallorca\",\"description\":\"Venta y distribuci\\u00f3n de caf\\u00e9 en Mallorca, Espa\\u00f1a y Europa\",\"inLanguage\":\"en-US\",\"publisher\":{\"@id\":\"https:\\\/\\\/www.cafesillesbalears.com\\\/en\\\/#organization\"}}]}\n\t\t<\/script>\n\t\t<!-- All in One SEO -->\n\n","aioseo_head_json":{"title":"Speciality Coffee - Caf\u00e8s Illes Balears, Caf\u00e9 Artesanal en Mallorca","description":"Discover our curated selection of speciality coffee, grown on the world\u2019s finest estates and artisanally roasted in Mallorca. Each single-origin lot has been carefully selected for its unique sensory profile, guaranteeing a score above 80 points on the SCA (Speciality Coffee Association) scale. From vibrant fruity and floral notes to rich, chocolatey undertones, explore fully traceable beans that honor their microclimate and the dedication of local farmers.","canonical_url":"https:\/\/www.cafesillesbalears.com\/en\/cat-coffee\/coffees-en\/speciality-coffee-mallorca\/","robots":"max-image-preview:large","keywords":"","webmasterTools":{"miscellaneous":""},"schema":{"@context":"https:\/\/schema.org","@graph":[{"@type":"BreadcrumbList","@id":"https:\/\/www.cafesillesbalears.com\/en\/wp-json\/wp\/v2\/product_cat\/447\/#breadcrumblist","itemListElement":[{"@type":"ListItem","@id":"https:\/\/www.cafesillesbalears.com\/en\/#listItem","position":1,"name":"Home","item":"https:\/\/www.cafesillesbalears.com\/en\/","nextItem":{"@type":"ListItem","@id":"https:\/\/www.cafesillesbalears.com\/en\/shop-online-coffees\/#listItem","name":"Tienda"}},{"@type":"ListItem","@id":"https:\/\/www.cafesillesbalears.com\/en\/shop-online-coffees\/#listItem","position":2,"name":"Tienda","item":"https:\/\/www.cafesillesbalears.com\/en\/shop-online-coffees\/","nextItem":{"@type":"ListItem","@id":"https:\/\/www.cafesillesbalears.com\/en\/cat-coffee\/coffees-en\/#listItem","name":"Coffees"},"previousItem":{"@type":"ListItem","@id":"https:\/\/www.cafesillesbalears.com\/en\/#listItem","name":"Home"}},{"@type":"ListItem","@id":"https:\/\/www.cafesillesbalears.com\/en\/cat-coffee\/coffees-en\/#listItem","position":3,"name":"Coffees","item":"https:\/\/www.cafesillesbalears.com\/en\/cat-coffee\/coffees-en\/","nextItem":{"@type":"ListItem","@id":"https:\/\/www.cafesillesbalears.com\/en\/cat-coffee\/coffees-en\/speciality-coffee-mallorca\/#listItem","name":"Speciality Coffee"},"previousItem":{"@type":"ListItem","@id":"https:\/\/www.cafesillesbalears.com\/en\/shop-online-coffees\/#listItem","name":"Tienda"}},{"@type":"ListItem","@id":"https:\/\/www.cafesillesbalears.com\/en\/cat-coffee\/coffees-en\/speciality-coffee-mallorca\/#listItem","position":4,"name":"Speciality Coffee","previousItem":{"@type":"ListItem","@id":"https:\/\/www.cafesillesbalears.com\/en\/cat-coffee\/coffees-en\/#listItem","name":"Coffees"}}]},{"@type":"CollectionPage","@id":"https:\/\/www.cafesillesbalears.com\/en\/wp-json\/wp\/v2\/product_cat\/447\/#collectionpage","url":"https:\/\/www.cafesillesbalears.com\/en\/wp-json\/wp\/v2\/product_cat\/447\/","name":"Speciality Coffee - Caf\u00e8s Illes Balears, Caf\u00e9 Artesanal en Mallorca","description":"Discover our curated selection of speciality coffee, grown on the world\u2019s finest estates and artisanally roasted in Mallorca. Each single-origin lot has been carefully selected for its unique sensory profile, guaranteeing a score above 80 points on the SCA (Speciality Coffee Association) scale. From vibrant fruity and floral notes to rich, chocolatey undertones, explore fully traceable beans that honor their microclimate and the dedication of local farmers.","inLanguage":"en-US","isPartOf":{"@id":"https:\/\/www.cafesillesbalears.com\/en\/#website"},"breadcrumb":{"@id":"https:\/\/www.cafesillesbalears.com\/en\/wp-json\/wp\/v2\/product_cat\/447\/#breadcrumblist"}},{"@type":"Organization","@id":"https:\/\/www.cafesillesbalears.com\/en\/#organization","name":"Caf\u00e8s Illes Balears, Caf\u00e9 Artesanal en Mallorca","description":"Venta y distribuci\u00f3n de caf\u00e9 en Mallorca, Espa\u00f1a y Europa","url":"https:\/\/www.cafesillesbalears.com\/en\/","logo":{"@type":"ImageObject","url":"https:\/\/www.cafesillesbalears.com\/wp-content\/uploads\/cropped-cafes-illes-balears-512.png","@id":"https:\/\/www.cafesillesbalears.com\/en\/wp-json\/wp\/v2\/product_cat\/447\/#organizationLogo","width":512,"height":512},"image":{"@id":"https:\/\/www.cafesillesbalears.com\/en\/wp-json\/wp\/v2\/product_cat\/447\/#organizationLogo"},"sameAs":["https:\/\/www.facebook.com\/cafesillesbalears","https:\/\/www.instagram.com\/cafesillesbalears\/"]},{"@type":"WebSite","@id":"https:\/\/www.cafesillesbalears.com\/en\/#website","url":"https:\/\/www.cafesillesbalears.com\/en\/","name":"Caf\u00e8s Illes Balears, Caf\u00e9 Artesanal en Mallorca","description":"Venta y distribuci\u00f3n de caf\u00e9 en Mallorca, Espa\u00f1a y Europa","inLanguage":"en-US","publisher":{"@id":"https:\/\/www.cafesillesbalears.com\/en\/#organization"}}]}},"aioseo_breadcrumb":"<div class=\"aioseo-breadcrumbs\"><span class=\"aioseo-breadcrumb\">\n\t\t\t<a href=\"https:\/\/www.cafesillesbalears.com\/en\/\" title=\"Home\">Home<\/a>\n\t\t<\/span><span class=\"aioseo-breadcrumb-separator\">&raquo;<\/span><span class=\"aioseo-breadcrumb\">\n\t\t\t<a href=\"https:\/\/www.cafesillesbalears.com\/en\/shop-online-coffees\/\" title=\"Tienda\">Tienda<\/a>\n\t\t<\/span><span class=\"aioseo-breadcrumb-separator\">&raquo;<\/span><span class=\"aioseo-breadcrumb\">\n\t\t\t<a href=\"https:\/\/www.cafesillesbalears.com\/en\/cat-coffee\/coffees-en\/\" title=\"Coffees\">Coffees<\/a>\n\t\t<\/span><span class=\"aioseo-breadcrumb-separator\">&raquo;<\/span><span class=\"aioseo-breadcrumb\">\n\t\t\tSpeciality Coffee\n\t\t<\/span><\/div>","aioseo_breadcrumb_json":[{"label":"Home","link":"https:\/\/www.cafesillesbalears.com\/en\/"},{"label":"Tienda","link":"https:\/\/www.cafesillesbalears.com\/en\/shop-online-coffees\/"},{"label":"Coffees","link":"https:\/\/www.cafesillesbalears.com\/en\/cat-coffee\/coffees-en\/"},{"label":"Speciality Coffee","link":"https:\/\/www.cafesillesbalears.com\/en\/cat-coffee\/coffees-en\/speciality-coffee-mallorca\/"}],"_links":{"self":[{"href":"https:\/\/www.cafesillesbalears.com\/en\/wp-json\/wp\/v2\/product_cat\/447","targetHints":{"allow":["GET"]}}],"collection":[{"href":"https:\/\/www.cafesillesbalears.com\/en\/wp-json\/wp\/v2\/product_cat"}],"about":[{"href":"https:\/\/www.cafesillesbalears.com\/en\/wp-json\/wp\/v2\/taxonomies\/product_cat"}],"up":[{"embeddable":true,"href":"https:\/\/www.cafesillesbalears.com\/en\/wp-json\/wp\/v2\/product_cat\/62"}],"wp:post_type":[{"href":"https:\/\/www.cafesillesbalears.com\/en\/wp-json\/wp\/v2\/product?product_cat=447"}],"curies":[{"name":"wp","href":"https:\/\/api.w.org\/{rel}","templated":true}]}}